{"id":53126,"date":"2016-06-23T09:12:29","date_gmt":"2016-06-23T07:12:29","guid":{"rendered":"https:\/\/www.talent.ch\/?p=53126"},"modified":"2022-03-04T08:24:59","modified_gmt":"2022-03-04T07:24:59","slug":"protokoll-der-mitgliederversammlung-2016","status":"publish","type":"post","link":"https:\/\/www.talent.ch\/?p=53126","title":{"rendered":"Protokoll der Mitgliederversammlung 2016"},"content":{"rendered":"\n<h2 class=\"wp-block-heading\">Protokoll der Mitgliederversammlung vom 18.06.2016 in Staufen bei Lenzburg<\/h2>\n\n\n\n<p><strong>F\u00fcrs Protokoll<\/strong>: Cornelia Walder<\/p>\n\n\n\n<h3 class=\"wp-block-heading\">1. Begr\u00fcssung<\/h3>\n\n\n\n<p>Ursula Dold er\u00f6ffnet die Mitgliederversammlung um 9.30 Uhr und begr\u00fcsst die Teilnehmenden.<\/p>\n\n\n\n<h3 class=\"wp-block-heading\">2. Wahl Stimmenz\u00e4hler\/in<\/h3>\n\n\n\n<p>Alec Gagneux wird einstimmig als Stimmenz\u00e4hler gew\u00e4hlt.<br>Anwesend sind 13 stimmberechtigte Mitglieder und ein Gast.<\/p>\n\n\n\n<h3 class=\"wp-block-heading\">3. Genehmigung des Protokolls der Mitgliederversammlung vom 21.03.2015<\/h3>\n\n\n\n<p>Das Protokoll der Mitgliederversammlung vom 21.03.2015 wird mit 9 Zustimmungen und 4 Enthaltungen genehmigt.<\/p>\n\n\n\n<h3 class=\"wp-block-heading\">4. Genehmigung Jahresbericht 2015<\/h3>\n\n\n\n<p>Der ausf\u00fchrliche Jahresbericht 2015 ist auf der Homepage abrufbar.<\/p>\n\n\n\n<p>Im Jahr 2015 hatte der Verein 344 Mitglieder und 378 \u00dcberweisungen, bei denen 29\u2018764 Talente umgesetzt wurden. Dies sind 5\u2018000 Talente mehr als im Vorjahr. Die Mitgliederzahl nimmt ab.<\/p>\n\n\n\n<p>Es fehlten Fr. 10\u2018000.- an Mitgliederbeitr\u00e4gen. Rahel hatte viel Aufwand mit Mahnungen. Die H\u00e4lfte wurde inzwischen einbezahlt.<\/p>\n\n\n\n<p>Im 2016 (1.1.-30.4.16) wurden 13\u2018016 Talente umgesetzt.<\/p>\n\n\n\n<p>Hans Leuenberger und Petra Samaras berichteten aus den Aktivit\u00e4ten ihrer Regionalgruppen.<\/p>\n\n\n\n<p>Vor allem der Vorstand hat sich eingesetzt und bei diversen Veranstaltungen, die der Vernetzung und der \u00d6ffentlichkeitsarbeit dienen, mitgemacht. Der Jahresbericht 2015 wird mit 9 Stimmen daf\u00fcr und 4 Enthaltungen genehmigt.<\/p>\n\n\n\n<h3 class=\"wp-block-heading\">5. Genehmigung der Jahresrechnung 2014<\/h3>\n\n\n\n<p>An der letztj\u00e4hrigen MV wurde die Jahresrechnung nicht genehmigt.Grund war das Konto \u201e4994 \u2013 \u00fcbriger Betriebsaufwand\u201c. Dies wurde mit David Schlatter \u00fcberarbeitet. Es betraf zwei Sammelbuchungen: Fahrspesen, Vorstandssitzungen, Events.<\/p>\n\n\n\n<p>Der Revisorenbericht 2014, der die D\u00e9charge des Vorstandes empfahl, wurde noch einmal vorgelesen.<\/p>\n\n\n\n<p>Die Jahresrechnung 2014 wurde einstimmig genehmigt und dem Vorstand D\u00e9charge erteilt.<\/p>\n\n\n\n<h3 class=\"wp-block-heading\">6. Genehmigung Jahresrechnung 2015<\/h3>\n\n\n\n<p>Die Erfolgsrechnung CHF weist einen Verlust von -445.90 auf, die Bilanz betr\u00e4gt nach Abzug dieses Verlustes 1228.86. Das Eigenkapital nimmt ab. Ohne das Eintreiben der ausstehenden Mitgliederbeitr\u00e4ge h\u00e4tte der Verein seine Ausgaben nicht bezahlen k\u00f6nnen.<\/p>\n\n\n\n<p>Bilanz vom 1.1.16 bis 30.4.16: Der Kontostand ist zurzeit bei Fr. 3\u2018386.00.<\/p>\n\n\n\n<p>Die Erfolgsrechnung Talent 2015 weist ein Plus von 1322 Talenten auf.<\/p>\n\n\n\n<p>Der Revisorenbericht wird vorgelesen, in dem Michel Klein einige Verbesserungen f\u00fcr die Buchhaltungsprozesse anmahnt, insgesamt jedoch die Richtigkeit der Buchf\u00fchrung best\u00e4tigt und der MV empfiehlt, dem Vorstand D\u00e9charge zu erteilen.<\/p>\n\n\n\n<p>Im Laufe der Diskussion entdecken die Mitglieder eine Buchung, die aussieht, wie doppelt verbucht. Der Vorstand erh\u00e4lt den Auftrag, dem noch nachzugehen.<\/p>\n\n\n\n<p><strong>Abstimmung<\/strong>: Die Jahresrechnung 2015 wird genehmigt mit 12 Zustimmungen und 1 Enthaltung. Dem Vorstand wird D\u00e9charge erteilt.<\/p>\n\n\n\n<h3 class=\"wp-block-heading\">7. Genehmigung Budget 2016<\/h3>\n\n\n\n<p>F\u00fcr das Jahr 2016 wird vorsichtig budgetiert. Die Mitglieder-Zahlen und \u2013Beitr\u00e4ge werden tiefer als im Vorjahr eingesch\u00e4tzt.<\/p>\n\n\n\n<p>Ein Unsicherheitsfaktor ist der budgetierte Spenden-Ertrag von Fr. 1\u2018500.00. Im 2015 gingen CHF 0.00 an Spenden ein.<\/p>\n\n\n\n<p>Der Einsatz einer Sekret\u00e4rin ist f\u00fcr den erfolgreichen Erhalt des Vereins wesentlich. Ursula listet die zahlreichen T\u00e4tigkeiten im Sekretariat auf. Das Honorar f\u00fcr die Sekret\u00e4rin ist der gr\u00f6sste Budget-Posten.<\/p>\n\n\n\n<p>Das Budget 2016 wird einstimmig angenommen.<\/p>\n\n\n\n<p>Der Anteil des Mitgliederbeitrages f\u00fcr die Regionalgruppe betr\u00e4gt wiederum 8% (Fr. 4.00 pro Mitglied). Dies wird einstimmig angenommen.<\/p>\n\n\n\n<h3 class=\"wp-block-heading\">8. Ausblick \u2013 aus Sicht des Vorstandes<\/h3>\n\n\n\n<p>Ursula Dold wird ihr Amt als Pr\u00e4sidentin von TALENT noch bis zur MV 2017 aus\u00fcben und tritt dann zur\u00fcck. Dies nach 16 Jahren unerm\u00fcdlicher und konstanter T\u00e4tigkeit in diesem Amt.<\/p>\n\n\n\n<p>Es wird ein Nachfolger\/eine Nachfolgerin gesucht, zudem weitere geeignete und kompetente Mitglieder f\u00fcr die Arbeit im Vorstand. Ohne ausreichende Besetzung des Vorstandes muss der Verein gem\u00e4ss Vereinsrecht aufgel\u00f6st werden.<\/p>\n\n\n\n<p>Es bestehen zwei Regionalgruppen: BL\/BS (Petra Samaras) und Region Bodensee (Hans Leuenberger). Ev. wird eine Regionalgruppe in Langenthal aufgebaut. Weitere Interessenten zur Leitung einer Gruppe werden gesucht. In regionalen Vernetzungen l\u00e4uft das Tauschen am besten. Doch es braucht Leute, die diese Vernetzungen am Laufen halten.<\/p>\n\n\n\n<p>Die Aktivit\u00e4ten in TALENT laufen schleppend. Es ist n\u00f6tig, dass sich die Mitglieder vermehrt aktiv beteiligen. Es fand gem\u00e4ss eines Beschlusses der MV 2015 eine Impulstagung statt, um neue Projekte f\u00fcr das bessere Funktionieren von TALENT zu erarbeiten. Ausser dem Vorstand nahm nur 1 weiteres Mitglied teil. Folgende Projekte entstanden:<\/p>\n\n\n\n<ul class=\"wp-block-list\"><li>Aktion zugunsten der aktivsten Talentler. Pers\u00f6nliche Betreuung, um geeignete Angebote zu finden. Damit sie ihre hohen Talent-Saldi ausgeben k\u00f6nnen.<\/li><li>Sponsoren und strategische Partnerschaften. Zur Erh\u00f6hung unserer Finanzen und der Mitgliederzahlen<\/li><li>Nachwuchsf\u00f6rderung<\/li><li>Talent ethisch ausrichten<\/li><li>Umlaufsicherung f\u00fcr die Unterst\u00fctzung von NGOs verwenden<\/li><li>Arbeitslose und Randst\u00e4ndige f\u00fcr Talent gewinnen.<\/li><\/ul>\n\n\n\n<p>Es werden weitere Projekt-Mitarbeiter gesucht, bitte meldet euch beim Sekretariat. Die Mitarbeit wird in Talenten honoriert.<\/p>\n\n\n\n<h3 class=\"wp-block-heading\">9. Antr\u00e4ge Vorstand Verein TALENT Schweiz<\/h3>\n\n\n\n<h4 class=\"wp-block-heading\">Antrag \u201eEinfache Mitgliedschaft einf\u00fchren\u201c<\/h4>\n\n\n\n<p>Zwei Mitgliederkategorien: Vollmitglieder und einfache Mitglieder:<\/p>\n\n\n\n<ul class=\"wp-block-list\"><li>Vollmitglieder (wie bisher): CHF 50\/Jahr, Sch\u00f6pfungsrecht bis -500 Tt, gratis Newsletter und Teilnahme an M\u00e4rkten und Tauschtreffen<\/li><li>Einfache Mitglieder (neu): Kein Mitgliederbeitrag, kleine Geb\u00fchr pro Handel, einfaches An- und Abmelde-Prozedere<\/li><\/ul>\n\n\n\n<p>Abstimmung f\u00fcr \u201eEinfache Mitgliedschaft: 4 Stimmen daf\u00fcr, 5 Stimmen dagegen und 4 Stimmen enthalten sich.<\/p>\n\n\n\n<p>Nach diesem knappen Ergebnis einigen wir uns darauf, dass der Vorstand dem Thema Mitgliedschaft\/ Mitgliederbeitrag noch weiter nachgehen soll. Dazu passen auch Lukas Uhls Vorschl\u00e4ge und einige Ideen, die im Laufe der Diskussion eingebracht wurden (Mitgliedschaft auf Probe; Reduktion des Mitgliederbeitrages bei bestimmter Anzahl Inserate, freier Mitgliederbeitrag)<\/p>\n\n\n\n<h4 class=\"wp-block-heading\">Antrag \u201eM\u00f6glichkeit, einmalig max. 100 Tt gegen Franken zu beziehen\u201c<\/h4>\n\n\n\n<p>Dies mit dem Ziel, unsere Finanzen im Lot zu halten. Der Antrag war eigentlich eine Idee erg\u00e4nzend zum oberen Antrag, damit einfache Mitglieder von Beginn weg handeln k\u00f6nnen.<\/p>\n\n\n\n<p>Abstimmung: 8 Stimmen daf\u00fcr, 2 Stimmen dagegen und 3 Stimmen enthalten sich<\/p>\n\n\n\n<h4 class=\"wp-block-heading\">Antrag \u201eWebsite \u00fcberarbeiten oder neu gestalten\u201c<\/h4>\n\n\n\n<p>Der Vorstand schl\u00e4gt ausserhalb des regul\u00e4ren Budgets vor, ein Budget von Fr. 2\u2018000.00 -5\u2018000 Franken f\u00fcr die Neugestaltung der Webseite zu genehmigen unter dem Vorbehalt, dass das Geld durch Spenden und Zuwendungen oder durch unentgeltliche Arbeitsangebote gefunden wird.<\/p>\n\n\n\n<p>Abstimmung: 8 Stimmen daf\u00fcr, 3 Stimmen dagegen und 2 Stimmen enthalten sich<\/p>\n\n\n\n<h3 class=\"wp-block-heading\">10.Antr\u00e4ge Mitglieder<\/h3>\n\n\n\n<h4 class=\"wp-block-heading\">Susanna Belloni<\/h4>\n\n\n\n<p>Wollt ihr folgende Aktionen mittragen?<\/p>\n\n\n\n<ul class=\"wp-block-list\"><li>Ehemalige Mitglieder reaktivieren<\/li><li>Bestehende Mitglieder motivieren, aktiv mitzumachen<\/li><li>Neue Mitglieder werben<\/li><li>Modernisierung des Webauftritts<\/li><li>Vorbereitung auf Herausforderung einer gr\u00f6sseren Organisation, falls Anzahl Mitglieder stark steigen w\u00fcrde. Z.B. Anpassungen Sekretariat, etc.<\/li><\/ul>\n\n\n\n<p>Siehe Punkt 8 bez\u00fcglich der Projekte, es gibt Parallelen<br>Abstimmung: 7 Stimmen daf\u00fcr, 1 Stimme dagegen und 5 Stimmen enthalten sich.<\/p>\n\n\n\n<p>Dazu muss gesagt werden, dass diese Aktivit\u00e4ten nur dann umgesetzt werden k\u00f6nnen, wenn sich Leute finden, die das tun. Susanna \u00fcbernimmt die Projektleitung.<\/p>\n\n\n\n<h4 class=\"wp-block-heading\">Lukas Uhl<\/h4>\n\n\n\n<p>Der Antrag wurde nach der Eingabefrist eingereicht und wird nur als Vorschlag behandelt. Es geht darum, die Geb\u00fchren neu auf CHF 15 pro Jahr festzusetzen. Und die Kontof\u00fchrung um 500 Talente \u201enach oben\u201c zu verschieben und somit das Minus abzuschaffen.<\/p>\n\n\n\n<p>Lukas h\u00e4lt noch fest, dass sein Anliegen in der Einladung falsch dargestellt wurde. Es geht nicht darum, Talente zu verschenken.<\/p>\n\n\n\n<p>Dieser Vorschlag wird auf das n\u00e4chste Mal vertagt, wenn er dort rechtzeitig als Antrag eingereicht wird.<\/p>\n\n\n\n<h4 class=\"wp-block-heading\">Marie-Antoinette Tessadri<\/h4>\n\n\n\n<p>Vorschlag, auf der Website ein Sponsoring-M\u00f6glichkeit aufzuschalten.<\/p>\n\n\n\n<p>Dies wird in der Projektgruppe \u201eSponsoren und strategische Partnerschaften\u201c aufgenommen.<\/p>\n\n\n\n<h3 class=\"wp-block-heading\">11.Varia<\/h3>\n\n\n\n<h4 class=\"wp-block-heading\">Christine G\u00fcttinger<\/h4>\n\n\n\n<p>Auf der Website sind interessante Veranstaltungen aufgef\u00fchrt. Auch auf Facebook hat es wertvolle Informationen. Diese k\u00f6nnen abonniert werden.<\/p>\n\n\n\n<h4 class=\"wp-block-heading\">Heinz Ottinger<\/h4>\n\n\n\n<p>Sagt ein grosses Danke an den Vorstand<\/p>\n\n\n\n<h4 class=\"wp-block-heading\">Alec Gagneux<\/h4>\n\n\n\n<p>Auch ein grosses Dankesch\u00f6n an den Vorstand. Er bittet die Mitglieder darum, mehr als die minimalen Fr. 50.00 Mitgliederbeitrag einzuzahlen.<\/p>\n\n\n\n<p>Die Mitgliederversammlung endete um 11.55 Uhr und markierte somit den Beginn des folgenden Tauschmarktes.<\/p>\n<div class=\"shariff shariff-align-left shariff-widget-align-left shariff-buttonstretch\"><div class=\"ShariffHeadline\"><h2 class=\"shariff_headline\">Teilen<\/h2><\/div><ul class=\"shariff-buttons theme-grey orientation-horizontal buttonsize-small\"><li class=\"shariff-button telegram shariff-nocustomcolor\" style=\"background-color:#4084A6\"><a href=\"https:\/\/telegram.me\/share\/url?url=https%3A%2F%2Fwww.talent.ch%2F%3Fp%3D53126&text=Protokoll%20der%20Mitgliederversammlung%202016\" title=\"Bei Telegram teilen\" aria-label=\"Bei Telegram teilen\" role=\"button\" rel=\"noopener nofollow\" class=\"shariff-link\" style=\"; background-color:#0088cc; color:#fff\" target=\"_blank\"><span class=\"shariff-icon\" style=\"\"><svg width=\"32px\" height=\"20px\" xmlns=\"http:\/\/www.w3.org\/2000\/svg\" viewBox=\"0 0 32 32\"><path fill=\"#0088cc\" d=\"M30.8 6.5l-4.5 21.4c-.3 1.5-1.2 1.9-2.5 1.2L16.9 24l-3.3 3.2c-.4.4-.7.7-1.4.7l.5-7L25.5 9.2c.6-.5-.1-.8-.9-.3l-15.8 10L2 16.7c-1.5-.5-1.5-1.5.3-2.2L28.9 4.3c1.3-.5 2.3.3 1.9 2.2z\"\/><\/svg><\/span><span class=\"shariff-text\">teilen<\/span>&nbsp;<\/a><\/li><li class=\"shariff-button mastodon shariff-nocustomcolor\" style=\"background-color:#563ACC\"><a href=\"https:\/\/s2f.kytta.dev\/?text=Protokoll%20der%20Mitgliederversammlung%202016 https%3A%2F%2Fwww.talent.ch%2F%3Fp%3D53126 via @https:\/\/net.miaumuh.ch\/@talentschweiz\" title=\"Bei Mastodon teilen\" aria-label=\"Bei Mastodon teilen\" role=\"button\" rel=\"noopener nofollow\" class=\"shariff-link\" style=\"; background-color:#6364FF; color:#fff\" target=\"_blank\"><span class=\"shariff-icon\" style=\"\"><svg width=\"75\" height=\"79\" viewBox=\"0 0 75 79\" fill=\"none\" xmlns=\"http:\/\/www.w3.org\/2000\/svg\"><path d=\"M37.813-.025C32.462-.058 27.114.13 21.79.598c-8.544.621-17.214 5.58-20.203 13.931C-1.12 23.318.408 32.622.465 41.65c.375 7.316.943 14.78 3.392 21.73 4.365 9.465 14.781 14.537 24.782 15.385 7.64.698 15.761-.213 22.517-4.026a54.1 54.1 0 0 0 .01-6.232c-6.855 1.316-14.101 2.609-21.049 1.074-3.883-.88-6.876-4.237-7.25-8.215-1.53-3.988 3.78-.43 5.584-.883 9.048 1.224 18.282.776 27.303-.462 7.044-.837 14.26-4.788 16.65-11.833 2.263-6.135 1.215-12.79 1.698-19.177.06-3.84.09-7.692-.262-11.52C72.596 7.844 63.223.981 53.834.684a219.453 219.453 0 0 0-16.022-.71zm11.294 12.882c5.5-.067 10.801 4.143 11.67 9.653.338 1.48.471 3 .471 4.515v21.088h-8.357c-.07-7.588.153-15.182-.131-22.765-.587-4.368-7.04-5.747-9.672-2.397-2.422 3.04-1.47 7.155-1.67 10.735v6.392h-8.307c-.146-4.996.359-10.045-.404-15.002-1.108-4.218-7.809-5.565-10.094-1.666-1.685 3.046-.712 6.634-.976 9.936v14.767h-8.354c.109-8.165-.238-16.344.215-24.5.674-5.346 5.095-10.389 10.676-10.627 4.902-.739 10.103 2.038 12.053 6.631.375 1.435 1.76 1.932 1.994.084 1.844-3.704 5.501-6.739 9.785-6.771.367-.044.735-.068 1.101-.073z\"\/><defs><linearGradient id=\"paint0_linear_549_34\" x1=\"37.0692\" y1=\"0\" x2=\"37.0692\" y2=\"79\" gradientUnits=\"userSpaceOnUse\"><stop stop-color=\"#6364FF\"\/><stop offset=\"1\" stop-color=\"#563ACC\"\/><\/linearGradient><\/defs><\/svg><\/span><span class=\"shariff-text\">teilen<\/span>&nbsp;<\/a><\/li><li class=\"shariff-button rss shariff-nocustomcolor\" style=\"background-color:#ff8c00\"><a href=\"https:\/\/www.talent.ch\/?feed=rss\" title=\"RSS-feed\" aria-label=\"RSS-feed\" role=\"button\" class=\"shariff-link\" style=\"; background-color:#fe9312; color:#fff\" target=\"_blank\"><span class=\"shariff-icon\" style=\"\"><svg width=\"32px\" height=\"20px\" xmlns=\"http:\/\/www.w3.org\/2000\/svg\" viewBox=\"0 0 32 32\"><path fill=\"#fe9312\" d=\"M4.3 23.5c-2.3 0-4.3 1.9-4.3 4.3 0 2.3 1.9 4.2 4.3 4.2 2.4 0 4.3-1.9 4.3-4.2 0-2.3-1.9-4.3-4.3-4.3zM0 10.9v6.1c4 0 7.7 1.6 10.6 4.4 2.8 2.8 4.4 6.6 4.4 10.6h6.2c0-11.7-9.5-21.1-21.1-21.1zM0 0v6.1c14.2 0 25.8 11.6 25.8 25.9h6.2c0-17.6-14.4-32-32-32z\"\/><\/svg><\/span><span class=\"shariff-text\">RSS-feed<\/span>&nbsp;<\/a><\/li><li class=\"shariff-button printer shariff-nocustomcolor\" style=\"background-color:#a8a8a8\"><a href=\"javascript:window.print()\" title=\"drucken\" aria-label=\"drucken\" role=\"button\" rel=\"noopener nofollow\" class=\"shariff-link\" style=\"; background-color:#999; color:#fff\"><span class=\"shariff-icon\" style=\"\"><svg width=\"32px\" height=\"20px\" xmlns=\"http:\/\/www.w3.org\/2000\/svg\" viewBox=\"0 0 30 32\"><path fill=\"#999\" d=\"M6.8 27.4h16v-4.6h-16v4.6zM6.8 16h16v-6.8h-2.8q-0.7 0-1.2-0.5t-0.5-1.2v-2.8h-11.4v11.4zM27.4 17.2q0-0.5-0.3-0.8t-0.8-0.4-0.8 0.4-0.3 0.8 0.3 0.8 0.8 0.3 0.8-0.3 0.3-0.8zM29.7 17.2v7.4q0 0.2-0.2 0.4t-0.4 0.2h-4v2.8q0 0.7-0.5 1.2t-1.2 0.5h-17.2q-0.7 0-1.2-0.5t-0.5-1.2v-2.8h-4q-0.2 0-0.4-0.2t-0.2-0.4v-7.4q0-1.4 1-2.4t2.4-1h1.2v-9.7q0-0.7 0.5-1.2t1.2-0.5h12q0.7 0 1.6 0.4t1.3 0.8l2.7 2.7q0.5 0.5 0.9 1.4t0.4 1.6v4.6h1.1q1.4 0 2.4 1t1 2.4z\"\/><\/svg><\/span><span class=\"shariff-text\">drucken<\/span>&nbsp;<\/a><\/li><li class=\"shariff-button mailto shariff-nocustomcolor\" style=\"background-color:#a8a8a8\"><a href=\"mailto:?body=https%3A%2F%2Fwww.talent.ch%2F%3Fp%3D53126&subject=Protokoll%20der%20Mitgliederversammlung%202016\" title=\"Per E-Mail versenden\" aria-label=\"Per E-Mail versenden\" role=\"button\" rel=\"noopener nofollow\" class=\"shariff-link\" style=\"; background-color:#999; color:#fff\"><span class=\"shariff-icon\" style=\"\"><svg width=\"32px\" height=\"20px\" xmlns=\"http:\/\/www.w3.org\/2000\/svg\" viewBox=\"0 0 32 32\"><path fill=\"#999\" d=\"M32 12.7v14.2q0 1.2-0.8 2t-2 0.9h-26.3q-1.2 0-2-0.9t-0.8-2v-14.2q0.8 0.9 1.8 1.6 6.5 4.4 8.9 6.1 1 0.8 1.6 1.2t1.7 0.9 2 0.4h0.1q0.9 0 2-0.4t1.7-0.9 1.6-1.2q3-2.2 8.9-6.1 1-0.7 1.8-1.6zM32 7.4q0 1.4-0.9 2.7t-2.2 2.2q-6.7 4.7-8.4 5.8-0.2 0.1-0.7 0.5t-1 0.7-0.9 0.6-1.1 0.5-0.9 0.2h-0.1q-0.4 0-0.9-0.2t-1.1-0.5-0.9-0.6-1-0.7-0.7-0.5q-1.6-1.1-4.7-3.2t-3.6-2.6q-1.1-0.7-2.1-2t-1-2.5q0-1.4 0.7-2.3t2.1-0.9h26.3q1.2 0 2 0.8t0.9 2z\"\/><\/svg><\/span><span class=\"shariff-text\">E-Mail<\/span>&nbsp;<\/a><\/li><li class=\"shariff-button info shariff-nocustomcolor\" style=\"background-color:#a8a8a8\"><a href=\"http:\/\/ct.de\/-2467514\" title=\"Mehr erfahren\" aria-label=\"Mehr erfahren\" role=\"button\" rel=\"noopener \" class=\"shariff-link\" style=\"; background-color:#999; color:#fff\" target=\"_blank\"><span class=\"shariff-icon\" style=\"\"><svg width=\"32px\" height=\"20px\" xmlns=\"http:\/\/www.w3.org\/2000\/svg\" viewBox=\"0 0 11 32\"><path fill=\"#999\" d=\"M11.4 24v2.3q0 0.5-0.3 0.8t-0.8 0.4h-9.1q-0.5 0-0.8-0.4t-0.4-0.8v-2.3q0-0.5 0.4-0.8t0.8-0.4h1.1v-6.8h-1.1q-0.5 0-0.8-0.4t-0.4-0.8v-2.3q0-0.5 0.4-0.8t0.8-0.4h6.8q0.5 0 0.8 0.4t0.4 0.8v10.3h1.1q0.5 0 0.8 0.4t0.3 0.8zM9.2 3.4v3.4q0 0.5-0.4 0.8t-0.8 0.4h-4.6q-0.4 0-0.8-0.4t-0.4-0.8v-3.4q0-0.4 0.4-0.8t0.8-0.4h4.6q0.5 0 0.8 0.4t0.4 0.8z\"\/><\/svg><\/span><\/a><\/li><\/ul><\/div>","protected":false},"excerpt":{"rendered":"<p>Protokoll der Mitgliederversammlung vom 18.06.2016 in Staufen bei Lenzburg F\u00fcrs Protokoll: Cornelia Walder 1. Begr\u00fcssung Ursula Dold er\u00f6ffnet die Mitgliederversammlung um 9.30 Uhr und begr\u00fcsst die Teilnehmenden. 2. Wahl Stimmenz\u00e4hler\/in &#8230; <a title=\"Protokoll der Mitgliederversammlung 2016\" class=\"read-more\" href=\"https:\/\/www.talent.ch\/?p=53126\" aria-label=\"Mehr Informationen \u00fcber Protokoll der Mitgliederversammlung 2016\">Weiterlesen<\/a><\/p>\n","protected":false},"author":23,"featured_media":0,"comment_status":"closed","ping_status":"closed","sticky":false,"template":"","format":"standard","meta":{"_bbp_topic_count":0,"_bbp_reply_count":0,"_bbp_total_topic_count":0,"_bbp_total_reply_count":0,"_bbp_voice_count":0,"_bbp_anonymous_reply_count":0,"_bbp_topic_count_hidden":0,"_bbp_reply_count_hidden":0,"_bbp_forum_subforum_count":0,"_EventAllDay":false,"_EventTimezone":"","_EventStartDate":"","_EventEndDate":"","_EventStartDateUTC":"","_EventEndDateUTC":"","_EventShowMap":false,"_EventShowMapLink":false,"_EventURL":"","_EventCost":"","_EventCostDescription":"","_EventCurrencySymbol":"","_EventCurrencyCode":"","_EventCurrencyPosition":"","_EventDateTimeSeparator":"","_EventTimeRangeSeparator":"","_EventOrganizerID":[],"_EventVenueID":[],"_OrganizerEmail":"","_OrganizerPhone":"","_OrganizerWebsite":"","_VenueAddress":"","_VenueCity":"","_VenueCountry":"","_VenueProvince":"","_VenueState":"","_VenueZip":"","_VenuePhone":"","_VenueURL":"","_VenueStateProvince":"","_VenueLat":"","_VenueLng":"","_VenueShowMap":false,"_VenueShowMapLink":false,"footnotes":""},"categories":[1,137],"tags":[],"class_list":["post-53126","post","type-post","status-publish","format-standard","hentry","category-news","category-protokoll-der-mitgliederversammlung"],"post_mailing_queue_ids":[],"_links":{"self":[{"href":"https:\/\/www.talent.ch\/index.php?rest_route=\/wp\/v2\/posts\/53126","targetHints":{"allow":["GET"]}}],"collection":[{"href":"https:\/\/www.talent.ch\/index.php?rest_route=\/wp\/v2\/posts"}],"about":[{"href":"https:\/\/www.talent.ch\/index.php?rest_route=\/wp\/v2\/types\/post"}],"author":[{"embeddable":true,"href":"https:\/\/www.talent.ch\/index.php?rest_route=\/wp\/v2\/users\/23"}],"replies":[{"embeddable":true,"href":"https:\/\/www.talent.ch\/index.php?rest_route=%2Fwp%2Fv2%2Fcomments&post=53126"}],"version-history":[{"count":15,"href":"https:\/\/www.talent.ch\/index.php?rest_route=\/wp\/v2\/posts\/53126\/revisions"}],"predecessor-version":[{"id":53141,"href":"https:\/\/www.talent.ch\/index.php?rest_route=\/wp\/v2\/posts\/53126\/revisions\/53141"}],"wp:attachment":[{"href":"https:\/\/www.talent.ch\/index.php?rest_route=%2Fwp%2Fv2%2Fmedia&parent=53126"}],"wp:term":[{"taxonomy":"category","embeddable":true,"href":"https:\/\/www.talent.ch\/index.php?rest_route=%2Fwp%2Fv2%2Fcategories&post=53126"},{"taxonomy":"post_tag","embeddable":true,"href":"https:\/\/www.talent.ch\/index.php?rest_route=%2Fwp%2Fv2%2Ftags&post=53126"}],"curies":[{"name":"wp","href":"https:\/\/api.w.org\/{rel}","templated":true}]}}